{"id":2272,"date":"2023-12-14T16:05:46","date_gmt":"2023-12-14T15:05:46","guid":{"rendered":"https:\/\/baumschubbser.de\/?p=2272"},"modified":"2023-12-14T16:05:46","modified_gmt":"2023-12-14T15:05:46","slug":"aux-anschluss-peugeot-308-ii-funktioniert-nicht","status":"publish","type":"post","link":"https:\/\/baumschubbser.de\/?p=2272","title":{"rendered":"Aux-Anschluss Peugeot 308 II funktioniert nicht"},"content":{"rendered":"\n<p>Um DAB+ in unserem Peugeot nachzur\u00fcsten, habe ich ein kleines Taschen-DAB Radio gekauft. (VR-Radio DOR-265.mini)<\/p>\n\n\n\n<p>Es verf\u00fcgt \u00fcber einen Kopfh\u00f6reranschluss, den ich mit einem Audio-Kabel 3,5mm Klinke auf beiden Seiten, mit der AUX-Buchse in unserem kleinen L\u00f6wen verbunden habe.<\/p>\n\n\n\n<p>Leider erschien im Men\u00fc nur Radio und USB. Bluetooth erscheint ja sowieso erst wenn es mit dem Fahrzeug verbunden ist. <\/p>\n\n\n\n<p>In den Musikeinstellungen -> Verst\u00e4rkung AUX-Anschluss l\u00e4sst sich der AUX-Anschluss aktivieren.<\/p>\n","protected":false},"excerpt":{"rendered":"<p>Um DAB+ in unserem Peugeot nachzur\u00fcsten, habe ich ein kleines Taschen-DAB Radio gekauft. (VR-Radio DOR-265.mini) Es verf\u00fcgt \u00fcber einen Kopfh\u00f6reranschluss, den ich mit einem Audio-Kabel 3,5mm Klinke auf beiden Seiten, mit der AUX-Buchse in unserem kleinen L\u00f6wen verbunden habe. Leider &hellip; <a href=\"https:\/\/baumschubbser.de\/?p=2272\">Weiterlesen <span class=\"meta-nav\">&rarr;<\/span><\/a><\/p>\n","protected":false},"author":2,"featured_media":0,"comment_status":"open","ping_status":"open","sticky":false,"template":"","format":"standard","meta":{"footnotes":""},"categories":[1],"tags":[],"class_list":["post-2272","post","type-post","status-publish","format-standard","hentry","category-allgemein"],"_links":{"self":[{"href":"https:\/\/baumschubbser.de\/index.php?rest_route=\/wp\/v2\/posts\/2272","targetHints":{"allow":["GET"]}}],"collection":[{"href":"https:\/\/baumschubbser.de\/index.php?rest_route=\/wp\/v2\/posts"}],"about":[{"href":"https:\/\/baumschubbser.de\/index.php?rest_route=\/wp\/v2\/types\/post"}],"author":[{"embeddable":true,"href":"https:\/\/baumschubbser.de\/index.php?rest_route=\/wp\/v2\/users\/2"}],"replies":[{"embeddable":true,"href":"https:\/\/baumschubbser.de\/index.php?rest_route=%2Fwp%2Fv2%2Fcomments&post=2272"}],"version-history":[{"count":1,"href":"https:\/\/baumschubbser.de\/index.php?rest_route=\/wp\/v2\/posts\/2272\/revisions"}],"predecessor-version":[{"id":2273,"href":"https:\/\/baumschubbser.de\/index.php?rest_route=\/wp\/v2\/posts\/2272\/revisions\/2273"}],"wp:attachment":[{"href":"https:\/\/baumschubbser.de\/index.php?rest_route=%2Fwp%2Fv2%2Fmedia&parent=2272"}],"wp:term":[{"taxonomy":"category","embeddable":true,"href":"https:\/\/baumschubbser.de\/index.php?rest_route=%2Fwp%2Fv2%2Fcategories&post=2272"},{"taxonomy":"post_tag","embeddable":true,"href":"https:\/\/baumschubbser.de\/index.php?rest_route=%2Fwp%2Fv2%2Ftags&post=2272"}],"curies":[{"name":"wp","href":"https:\/\/api.w.org\/{rel}","templated":true}]}}